{"id":4806,"date":"2020-04-07T10:12:02","date_gmt":"2020-04-07T10:12:02","guid":{"rendered":"https:\/\/www.dcatala.com\/londres-premia-una-pyme-de-lleida-entre-mil-de-europa\/"},"modified":"2020-04-14T16:04:51","modified_gmt":"2020-04-14T16:04:51","slug":"londres-premia-una-pyme-de-lleida-entre-mil-de-europa","status":"publish","type":"post","link":"https:\/\/www.dcatala.com\/en\/londres-premia-una-pyme-de-lleida-entre-mil-de-europa\/","title":{"rendered":"Londres premia una pyme de Lleida entre mil de Europa"},"content":{"rendered":"\n<p>La Bolsa de Londres ha seleccionado la pyme leridana Grupo Catal\u00e1 entre las 1.000 m\u00e1s inspiradoras de Europa. La compa\u00f1\u00eda forma parte de una lista que incluye las peque\u00f1as y medianas empresas que &#8220;tienen un crecimiento m\u00e1s pronunciado en la UE&#8221;, seg\u00fan explic\u00f3 ayer el Director de Relaciones Gubernamentales en la Bolsa de Londres, Xavier Solano. &#8220;La mayor\u00eda son muy peque\u00f1as, muy desconocidas pero son las que realmente generan puestos de trabajo y riqueza&#8221;, destac\u00f3 Solano desde Bruselas, donde se present\u00f3 el informe.<\/p>\n\n\n\n<p>Grupo Catal\u00e1 es una empresa de La Portella que se dedica a la producci\u00f3n y distribuci\u00f3n de fruta de hueso y pepita. Adem\u00e1s, doce pymes catalanas m\u00e1s tambi\u00e9n forman parte de este listado. Las pymes representan dos tercios del empleo en Europa y el 60 por ciento del valor de la econom\u00eda.<\/p>\n","protected":false},"excerpt":{"rendered":"<p>La Bolsa de Londres ha seleccionado la pyme leridana Grupo Catal\u00e1 entre las 1.000 m\u00e1s inspiradoras de Europa. La compa\u00f1\u00eda forma parte de una lista que incluye las peque\u00f1as y medianas empresas que &#8220;tienen un crecimiento m\u00e1s pronunciado en la UE&#8221;, seg\u00fan explic\u00f3 ayer el Director de Relaciones Gubernamentales en la Bolsa de Londres, Xavier &#8230; <a title=\"Londres premia una pyme de Lleida entre mil de Europa\" class=\"read-more\" href=\"https:\/\/www.dcatala.com\/en\/londres-premia-una-pyme-de-lleida-entre-mil-de-europa\/\" aria-label=\"Read more about Londres premia una pyme de Lleida entre mil de Europa\">Read more<\/a><\/p>\n","protected":false},"author":1,"featured_media":4807,"comment_status":"closed","ping_status":"closed","sticky":false,"template":"","format":"standard","meta":{"footnotes":""},"categories":[23],"tags":[],"class_list":["post-4806","post","type-post","status-publish","format-standard","has-post-thumbnail","hentry","category-news"],"yoast_head":"<!-- This site is optimized with the Yoast SEO plugin v27.4 - https:\/\/yoast.com\/product\/yoast-seo-wordpress\/ -->\n<title>Londres premia una pyme de Lleida entre mil de Europa - DOMINGO CATAL\u00c0<\/title>\n<meta name=\"description\" content=\"La Bolsa de Londres ha seleccionado la pyme leridana Grupo Catal\u00e1 entre las 1.000 m\u00e1s inspiradoras de Europa. La compa\u00f1\u00eda forma parte de una lista que\" \/>\n<meta name=\"robots\" content=\"index, follow, max-snippet:-1, max-image-preview:large, max-video-preview:-1\" \/>\n<link rel=\"canonical\" href=\"https:\/\/www.dcatala.com\/en\/londres-premia-una-pyme-de-lleida-entre-mil-de-europa\/\" \/>\n<meta name=\"twitter:label1\" content=\"Written by\" \/>\n\t<meta name=\"twitter:data1\" content=\"SuperAdmin\" \/>\n\t<meta name=\"twitter:label2\" content=\"Est. reading time\" \/>\n\t<meta name=\"twitter:data2\" content=\"1 minute\" \/>\n<script type=\"application\/ld+json\" class=\"yoast-schema-graph\">{\"@context\":\"https:\\\/\\\/schema.org\",\"@graph\":[{\"@type\":\"Article\",\"@id\":\"https:\\\/\\\/www.dcatala.com\\\/en\\\/londres-premia-una-pyme-de-lleida-entre-mil-de-europa\\\/#article\",\"isPartOf\":{\"@id\":\"https:\\\/\\\/www.dcatala.com\\\/en\\\/londres-premia-una-pyme-de-lleida-entre-mil-de-europa\\\/\"},\"author\":{\"name\":\"SuperAdmin\",\"@id\":\"https:\\\/\\\/www.dcatala.com\\\/en\\\/#\\\/schema\\\/person\\\/dde7bbb2d234021641005d1e2b24bc23\"},\"headline\":\"Londres premia una pyme de Lleida entre mil de Europa\",\"datePublished\":\"2020-04-07T10:12:02+00:00\",\"dateModified\":\"2020-04-14T16:04:51+00:00\",\"mainEntityOfPage\":{\"@id\":\"https:\\\/\\\/www.dcatala.com\\\/en\\\/londres-premia-una-pyme-de-lleida-entre-mil-de-europa\\\/\"},\"wordCount\":156,\"publisher\":{\"@id\":\"https:\\\/\\\/www.dcatala.com\\\/en\\\/#organization\"},\"image\":{\"@id\":\"https:\\\/\\\/www.dcatala.com\\\/en\\\/londres-premia-una-pyme-de-lleida-entre-mil-de-europa\\\/#primaryimage\"},\"thumbnailUrl\":\"https:\\\/\\\/www.dcatala.com\\\/wp-content\\\/uploads\\\/2020\\\/04\\\/Premio_bolsa_de_Londres1.jpg\",\"articleSection\":[\"News\"],\"inLanguage\":\"en-US\"},{\"@type\":\"WebPage\",\"@id\":\"https:\\\/\\\/www.dcatala.com\\\/en\\\/londres-premia-una-pyme-de-lleida-entre-mil-de-europa\\\/\",\"url\":\"https:\\\/\\\/www.dcatala.com\\\/en\\\/londres-premia-una-pyme-de-lleida-entre-mil-de-europa\\\/\",\"name\":\"Londres premia una pyme de Lleida entre mil de Europa - DOMINGO CATAL\u00c0\",\"isPartOf\":{\"@id\":\"https:\\\/\\\/www.dcatala.com\\\/en\\\/#website\"},\"primaryImageOfPage\":{\"@id\":\"https:\\\/\\\/www.dcatala.com\\\/en\\\/londres-premia-una-pyme-de-lleida-entre-mil-de-europa\\\/#primaryimage\"},\"image\":{\"@id\":\"https:\\\/\\\/www.dcatala.com\\\/en\\\/londres-premia-una-pyme-de-lleida-entre-mil-de-europa\\\/#primaryimage\"},\"thumbnailUrl\":\"https:\\\/\\\/www.dcatala.com\\\/wp-content\\\/uploads\\\/2020\\\/04\\\/Premio_bolsa_de_Londres1.jpg\",\"datePublished\":\"2020-04-07T10:12:02+00:00\",\"dateModified\":\"2020-04-14T16:04:51+00:00\",\"description\":\"La Bolsa de Londres ha seleccionado la pyme leridana Grupo Catal\u00e1 entre las 1.000 m\u00e1s inspiradoras de Europa. La compa\u00f1\u00eda forma parte de una lista que\",\"breadcrumb\":{\"@id\":\"https:\\\/\\\/www.dcatala.com\\\/en\\\/londres-premia-una-pyme-de-lleida-entre-mil-de-europa\\\/#breadcrumb\"},\"inLanguage\":\"en-US\",\"potentialAction\":[{\"@type\":\"ReadAction\",\"target\":[\"https:\\\/\\\/www.dcatala.com\\\/en\\\/londres-premia-una-pyme-de-lleida-entre-mil-de-europa\\\/\"]}]},{\"@type\":\"ImageObject\",\"inLanguage\":\"en-US\",\"@id\":\"https:\\\/\\\/www.dcatala.com\\\/en\\\/londres-premia-una-pyme-de-lleida-entre-mil-de-europa\\\/#primaryimage\",\"url\":\"https:\\\/\\\/www.dcatala.com\\\/wp-content\\\/uploads\\\/2020\\\/04\\\/Premio_bolsa_de_Londres1.jpg\",\"contentUrl\":\"https:\\\/\\\/www.dcatala.com\\\/wp-content\\\/uploads\\\/2020\\\/04\\\/Premio_bolsa_de_Londres1.jpg\",\"width\":1000,\"height\":673},{\"@type\":\"BreadcrumbList\",\"@id\":\"https:\\\/\\\/www.dcatala.com\\\/en\\\/londres-premia-una-pyme-de-lleida-entre-mil-de-europa\\\/#breadcrumb\",\"itemListElement\":[{\"@type\":\"ListItem\",\"position\":1,\"name\":\"Portada\",\"item\":\"https:\\\/\\\/www.dcatala.com\\\/en\\\/\"},{\"@type\":\"ListItem\",\"position\":2,\"name\":\"Londres premia una pyme de Lleida entre mil de Europa\"}]},{\"@type\":\"WebSite\",\"@id\":\"https:\\\/\\\/www.dcatala.com\\\/en\\\/#website\",\"url\":\"https:\\\/\\\/www.dcatala.com\\\/en\\\/\",\"name\":\"DOMINGO CATAL\u00c0\",\"description\":\"Produciendo calidad\",\"publisher\":{\"@id\":\"https:\\\/\\\/www.dcatala.com\\\/en\\\/#organization\"},\"potentialAction\":[{\"@type\":\"SearchAction\",\"target\":{\"@type\":\"EntryPoint\",\"urlTemplate\":\"https:\\\/\\\/www.dcatala.com\\\/en\\\/?s={search_term_string}\"},\"query-input\":{\"@type\":\"PropertyValueSpecification\",\"valueRequired\":true,\"valueName\":\"search_term_string\"}}],\"inLanguage\":\"en-US\"},{\"@type\":\"Organization\",\"@id\":\"https:\\\/\\\/www.dcatala.com\\\/en\\\/#organization\",\"name\":\"D.Catala\",\"url\":\"https:\\\/\\\/www.dcatala.com\\\/en\\\/\",\"logo\":{\"@type\":\"ImageObject\",\"inLanguage\":\"en-US\",\"@id\":\"https:\\\/\\\/www.dcatala.com\\\/en\\\/#\\\/schema\\\/logo\\\/image\\\/\",\"url\":\"https:\\\/\\\/www.dcatala.com\\\/wp-content\\\/uploads\\\/2020\\\/05\\\/cropped-logo-d.catala-2-1-scaled-1.jpg\",\"contentUrl\":\"https:\\\/\\\/www.dcatala.com\\\/wp-content\\\/uploads\\\/2020\\\/05\\\/cropped-logo-d.catala-2-1-scaled-1.jpg\",\"width\":2560,\"height\":711,\"caption\":\"D.Catala\"},\"image\":{\"@id\":\"https:\\\/\\\/www.dcatala.com\\\/en\\\/#\\\/schema\\\/logo\\\/image\\\/\"}},{\"@type\":\"Person\",\"@id\":\"https:\\\/\\\/www.dcatala.com\\\/en\\\/#\\\/schema\\\/person\\\/dde7bbb2d234021641005d1e2b24bc23\",\"name\":\"SuperAdmin\"}]}<\/script>\n<!-- \/ Yoast SEO plugin. -->","yoast_head_json":{"title":"Londres premia una pyme de Lleida entre mil de Europa - DOMINGO CATAL\u00c0","description":"La Bolsa de Londres ha seleccionado la pyme leridana Grupo Catal\u00e1 entre las 1.000 m\u00e1s inspiradoras de Europa. La compa\u00f1\u00eda forma parte de una lista que","robots":{"index":"index","follow":"follow","max-snippet":"max-snippet:-1","max-image-preview":"max-image-preview:large","max-video-preview":"max-video-preview:-1"},"canonical":"https:\/\/www.dcatala.com\/en\/londres-premia-una-pyme-de-lleida-entre-mil-de-europa\/","twitter_misc":{"Written by":"SuperAdmin","Est. reading time":"1 minute"},"schema":{"@context":"https:\/\/schema.org","@graph":[{"@type":"Article","@id":"https:\/\/www.dcatala.com\/en\/londres-premia-una-pyme-de-lleida-entre-mil-de-europa\/#article","isPartOf":{"@id":"https:\/\/www.dcatala.com\/en\/londres-premia-una-pyme-de-lleida-entre-mil-de-europa\/"},"author":{"name":"SuperAdmin","@id":"https:\/\/www.dcatala.com\/en\/#\/schema\/person\/dde7bbb2d234021641005d1e2b24bc23"},"headline":"Londres premia una pyme de Lleida entre mil de Europa","datePublished":"2020-04-07T10:12:02+00:00","dateModified":"2020-04-14T16:04:51+00:00","mainEntityOfPage":{"@id":"https:\/\/www.dcatala.com\/en\/londres-premia-una-pyme-de-lleida-entre-mil-de-europa\/"},"wordCount":156,"publisher":{"@id":"https:\/\/www.dcatala.com\/en\/#organization"},"image":{"@id":"https:\/\/www.dcatala.com\/en\/londres-premia-una-pyme-de-lleida-entre-mil-de-europa\/#primaryimage"},"thumbnailUrl":"https:\/\/www.dcatala.com\/wp-content\/uploads\/2020\/04\/Premio_bolsa_de_Londres1.jpg","articleSection":["News"],"inLanguage":"en-US"},{"@type":"WebPage","@id":"https:\/\/www.dcatala.com\/en\/londres-premia-una-pyme-de-lleida-entre-mil-de-europa\/","url":"https:\/\/www.dcatala.com\/en\/londres-premia-una-pyme-de-lleida-entre-mil-de-europa\/","name":"Londres premia una pyme de Lleida entre mil de Europa - DOMINGO CATAL\u00c0","isPartOf":{"@id":"https:\/\/www.dcatala.com\/en\/#website"},"primaryImageOfPage":{"@id":"https:\/\/www.dcatala.com\/en\/londres-premia-una-pyme-de-lleida-entre-mil-de-europa\/#primaryimage"},"image":{"@id":"https:\/\/www.dcatala.com\/en\/londres-premia-una-pyme-de-lleida-entre-mil-de-europa\/#primaryimage"},"thumbnailUrl":"https:\/\/www.dcatala.com\/wp-content\/uploads\/2020\/04\/Premio_bolsa_de_Londres1.jpg","datePublished":"2020-04-07T10:12:02+00:00","dateModified":"2020-04-14T16:04:51+00:00","description":"La Bolsa de Londres ha seleccionado la pyme leridana Grupo Catal\u00e1 entre las 1.000 m\u00e1s inspiradoras de Europa. La compa\u00f1\u00eda forma parte de una lista que","breadcrumb":{"@id":"https:\/\/www.dcatala.com\/en\/londres-premia-una-pyme-de-lleida-entre-mil-de-europa\/#breadcrumb"},"inLanguage":"en-US","potentialAction":[{"@type":"ReadAction","target":["https:\/\/www.dcatala.com\/en\/londres-premia-una-pyme-de-lleida-entre-mil-de-europa\/"]}]},{"@type":"ImageObject","inLanguage":"en-US","@id":"https:\/\/www.dcatala.com\/en\/londres-premia-una-pyme-de-lleida-entre-mil-de-europa\/#primaryimage","url":"https:\/\/www.dcatala.com\/wp-content\/uploads\/2020\/04\/Premio_bolsa_de_Londres1.jpg","contentUrl":"https:\/\/www.dcatala.com\/wp-content\/uploads\/2020\/04\/Premio_bolsa_de_Londres1.jpg","width":1000,"height":673},{"@type":"BreadcrumbList","@id":"https:\/\/www.dcatala.com\/en\/londres-premia-una-pyme-de-lleida-entre-mil-de-europa\/#breadcrumb","itemListElement":[{"@type":"ListItem","position":1,"name":"Portada","item":"https:\/\/www.dcatala.com\/en\/"},{"@type":"ListItem","position":2,"name":"Londres premia una pyme de Lleida entre mil de Europa"}]},{"@type":"WebSite","@id":"https:\/\/www.dcatala.com\/en\/#website","url":"https:\/\/www.dcatala.com\/en\/","name":"DOMINGO CATAL\u00c0","description":"Produciendo calidad","publisher":{"@id":"https:\/\/www.dcatala.com\/en\/#organization"},"potentialAction":[{"@type":"SearchAction","target":{"@type":"EntryPoint","urlTemplate":"https:\/\/www.dcatala.com\/en\/?s={search_term_string}"},"query-input":{"@type":"PropertyValueSpecification","valueRequired":true,"valueName":"search_term_string"}}],"inLanguage":"en-US"},{"@type":"Organization","@id":"https:\/\/www.dcatala.com\/en\/#organization","name":"D.Catala","url":"https:\/\/www.dcatala.com\/en\/","logo":{"@type":"ImageObject","inLanguage":"en-US","@id":"https:\/\/www.dcatala.com\/en\/#\/schema\/logo\/image\/","url":"https:\/\/www.dcatala.com\/wp-content\/uploads\/2020\/05\/cropped-logo-d.catala-2-1-scaled-1.jpg","contentUrl":"https:\/\/www.dcatala.com\/wp-content\/uploads\/2020\/05\/cropped-logo-d.catala-2-1-scaled-1.jpg","width":2560,"height":711,"caption":"D.Catala"},"image":{"@id":"https:\/\/www.dcatala.com\/en\/#\/schema\/logo\/image\/"}},{"@type":"Person","@id":"https:\/\/www.dcatala.com\/en\/#\/schema\/person\/dde7bbb2d234021641005d1e2b24bc23","name":"SuperAdmin"}]}},"_links":{"self":[{"href":"https:\/\/www.dcatala.com\/en\/wp-json\/wp\/v2\/posts\/4806","targetHints":{"allow":["GET"]}}],"collection":[{"href":"https:\/\/www.dcatala.com\/en\/wp-json\/wp\/v2\/posts"}],"about":[{"href":"https:\/\/www.dcatala.com\/en\/wp-json\/wp\/v2\/types\/post"}],"author":[{"embeddable":true,"href":"https:\/\/www.dcatala.com\/en\/wp-json\/wp\/v2\/users\/1"}],"replies":[{"embeddable":true,"href":"https:\/\/www.dcatala.com\/en\/wp-json\/wp\/v2\/comments?post=4806"}],"version-history":[{"count":1,"href":"https:\/\/www.dcatala.com\/en\/wp-json\/wp\/v2\/posts\/4806\/revisions"}],"predecessor-version":[{"id":4815,"href":"https:\/\/www.dcatala.com\/en\/wp-json\/wp\/v2\/posts\/4806\/revisions\/4815"}],"wp:featuredmedia":[{"embeddable":true,"href":"https:\/\/www.dcatala.com\/en\/wp-json\/wp\/v2\/media\/4807"}],"wp:attachment":[{"href":"https:\/\/www.dcatala.com\/en\/wp-json\/wp\/v2\/media?parent=4806"}],"wp:term":[{"taxonomy":"category","embeddable":true,"href":"https:\/\/www.dcatala.com\/en\/wp-json\/wp\/v2\/categories?post=4806"},{"taxonomy":"post_tag","embeddable":true,"href":"https:\/\/www.dcatala.com\/en\/wp-json\/wp\/v2\/tags?post=4806"}],"curies":[{"name":"wp","href":"https:\/\/api.w.org\/{rel}","templated":true}]}}