{"id":4782,"date":"2020-04-07T10:15:22","date_gmt":"2020-04-07T10:15:22","guid":{"rendered":"https:\/\/www.dcatala.com\/nos-vemos-en-fruitlogistica\/"},"modified":"2020-04-14T16:04:14","modified_gmt":"2020-04-14T16:04:14","slug":"nos-vemos-en-fruitlogistica","status":"publish","type":"post","link":"https:\/\/www.dcatala.com\/it\/nos-vemos-en-fruitlogistica\/","title":{"rendered":"Nos vemos en Fruitlog\u00edstica"},"content":{"rendered":"\n<p>Estaremos encantados de recibiros en<\/p>\n\n\n\n<figure class=\"wp-block-image size-large\"><img decoding=\"async\" width=\"434\" height=\"96\" src=\"https:\/\/www.dcatala.com\/wp-content\/uploads\/2020\/04\/fruit.png\" alt=\"\" class=\"wp-image-3727\" srcset=\"https:\/\/www.dcatala.com\/wp-content\/uploads\/2020\/04\/fruit.png 434w, https:\/\/www.dcatala.com\/wp-content\/uploads\/2020\/04\/fruit-300x66.png 300w\" sizes=\"(max-width: 434px) 100vw, 434px\" \/><\/figure>\n\n\n\n<p>Fruitlog\u00edstica<br>Nos ubicamos en el pabell\u00f3n 10.2 Stand B07 c<\/p>\n\n\n\n<p>Podremos contaros nuestros nuevos proyectos, revisar el desarrollo de la \u00faltima campa\u00f1a y tomar todas vuestras sugerencias para la mejora de nuestra cooperaci\u00f3n.<\/p>\n\n\n\n<p>Ser\u00eda interesante fijar d\u00eda y hora as\u00ed que podeis contactarnos tanto a Jordi Catal\u00e1 como a Pere Ramoneda en nuestros mails<\/p>\n\n\n\n<p>jordi.catala@grupocatala.com<br>pere.ramoneda@grupocatala.com<br>laura.andreu@grupocatala.com<\/p>\n\n\n\n<p>o a nuestros celulares.<\/p>\n\n\n\n<p>Ser\u00e1 un placer volvernos a ver.<\/p>\n","protected":false},"excerpt":{"rendered":"<p>Estaremos encantados de recibiros en Fruitlog\u00edsticaNos ubicamos en el pabell\u00f3n 10.2 Stand B07 c Podremos contaros nuestros nuevos proyectos, revisar el desarrollo de la \u00faltima campa\u00f1a y tomar todas vuestras sugerencias para la mejora de nuestra cooperaci\u00f3n. Ser\u00eda interesante fijar d\u00eda y hora as\u00ed que podeis contactarnos tanto a Jordi Catal\u00e1 como a Pere Ramoneda &#8230; <a title=\"Nos vemos en Fruitlog\u00edstica\" class=\"read-more\" href=\"https:\/\/www.dcatala.com\/it\/nos-vemos-en-fruitlogistica\/\" aria-label=\"Per saperne di pi\u00f9 su Nos vemos en Fruitlog\u00edstica\">Leggi tutto<\/a><\/p>\n","protected":false},"author":1,"featured_media":4783,"comment_status":"closed","ping_status":"closed","sticky":false,"template":"","format":"standard","meta":{"footnotes":""},"categories":[27],"tags":[],"class_list":["post-4782","post","type-post","status-publish","format-standard","has-post-thumbnail","hentry","category-notizia"],"yoast_head":"<!-- This site is optimized with the Yoast SEO plugin v27.4 - https:\/\/yoast.com\/product\/yoast-seo-wordpress\/ -->\n<title>Nos vemos en Fruitlog\u00edstica - DOMINGO CATAL\u00c0<\/title>\n<meta name=\"description\" content=\"Estaremos encantados de recibiros en Fruitlog\u00edsticaNos ubicamos en el pabell\u00f3n 10.2 Stand B07 c Podremos contaros nuestros nuevos proyectos, revisar el\" \/>\n<meta name=\"robots\" content=\"index, follow, max-snippet:-1, max-image-preview:large, max-video-preview:-1\" \/>\n<link rel=\"canonical\" href=\"https:\/\/www.dcatala.com\/it\/nos-vemos-en-fruitlogistica\/\" \/>\n<meta name=\"twitter:label1\" content=\"Scritto da\" \/>\n\t<meta name=\"twitter:data1\" content=\"SuperAdmin\" \/>\n<script type=\"application\/ld+json\" class=\"yoast-schema-graph\">{\"@context\":\"https:\\\/\\\/schema.org\",\"@graph\":[{\"@type\":\"Article\",\"@id\":\"https:\\\/\\\/www.dcatala.com\\\/it\\\/nos-vemos-en-fruitlogistica\\\/#article\",\"isPartOf\":{\"@id\":\"https:\\\/\\\/www.dcatala.com\\\/it\\\/nos-vemos-en-fruitlogistica\\\/\"},\"author\":{\"name\":\"SuperAdmin\",\"@id\":\"https:\\\/\\\/www.dcatala.com\\\/it\\\/#\\\/schema\\\/person\\\/dde7bbb2d234021641005d1e2b24bc23\"},\"headline\":\"Nos vemos en Fruitlog\u00edstica\",\"datePublished\":\"2020-04-07T10:15:22+00:00\",\"dateModified\":\"2020-04-14T16:04:14+00:00\",\"mainEntityOfPage\":{\"@id\":\"https:\\\/\\\/www.dcatala.com\\\/it\\\/nos-vemos-en-fruitlogistica\\\/\"},\"wordCount\":88,\"publisher\":{\"@id\":\"https:\\\/\\\/www.dcatala.com\\\/it\\\/#organization\"},\"image\":{\"@id\":\"https:\\\/\\\/www.dcatala.com\\\/it\\\/nos-vemos-en-fruitlogistica\\\/#primaryimage\"},\"thumbnailUrl\":\"https:\\\/\\\/www.dcatala.com\\\/wp-content\\\/uploads\\\/2020\\\/04\\\/2.jpg\",\"articleSection\":[\"Notizia\"],\"inLanguage\":\"it-IT\"},{\"@type\":\"WebPage\",\"@id\":\"https:\\\/\\\/www.dcatala.com\\\/it\\\/nos-vemos-en-fruitlogistica\\\/\",\"url\":\"https:\\\/\\\/www.dcatala.com\\\/it\\\/nos-vemos-en-fruitlogistica\\\/\",\"name\":\"Nos vemos en Fruitlog\u00edstica - DOMINGO CATAL\u00c0\",\"isPartOf\":{\"@id\":\"https:\\\/\\\/www.dcatala.com\\\/it\\\/#website\"},\"primaryImageOfPage\":{\"@id\":\"https:\\\/\\\/www.dcatala.com\\\/it\\\/nos-vemos-en-fruitlogistica\\\/#primaryimage\"},\"image\":{\"@id\":\"https:\\\/\\\/www.dcatala.com\\\/it\\\/nos-vemos-en-fruitlogistica\\\/#primaryimage\"},\"thumbnailUrl\":\"https:\\\/\\\/www.dcatala.com\\\/wp-content\\\/uploads\\\/2020\\\/04\\\/2.jpg\",\"datePublished\":\"2020-04-07T10:15:22+00:00\",\"dateModified\":\"2020-04-14T16:04:14+00:00\",\"description\":\"Estaremos encantados de recibiros en Fruitlog\u00edsticaNos ubicamos en el pabell\u00f3n 10.2 Stand B07 c Podremos contaros nuestros nuevos proyectos, revisar el\",\"breadcrumb\":{\"@id\":\"https:\\\/\\\/www.dcatala.com\\\/it\\\/nos-vemos-en-fruitlogistica\\\/#breadcrumb\"},\"inLanguage\":\"it-IT\",\"potentialAction\":[{\"@type\":\"ReadAction\",\"target\":[\"https:\\\/\\\/www.dcatala.com\\\/it\\\/nos-vemos-en-fruitlogistica\\\/\"]}]},{\"@type\":\"ImageObject\",\"inLanguage\":\"it-IT\",\"@id\":\"https:\\\/\\\/www.dcatala.com\\\/it\\\/nos-vemos-en-fruitlogistica\\\/#primaryimage\",\"url\":\"https:\\\/\\\/www.dcatala.com\\\/wp-content\\\/uploads\\\/2020\\\/04\\\/2.jpg\",\"contentUrl\":\"https:\\\/\\\/www.dcatala.com\\\/wp-content\\\/uploads\\\/2020\\\/04\\\/2.jpg\",\"width\":1000,\"height\":465},{\"@type\":\"BreadcrumbList\",\"@id\":\"https:\\\/\\\/www.dcatala.com\\\/it\\\/nos-vemos-en-fruitlogistica\\\/#breadcrumb\",\"itemListElement\":[{\"@type\":\"ListItem\",\"position\":1,\"name\":\"Portada\",\"item\":\"https:\\\/\\\/www.dcatala.com\\\/it\\\/\"},{\"@type\":\"ListItem\",\"position\":2,\"name\":\"Nos vemos en Fruitlog\u00edstica\"}]},{\"@type\":\"WebSite\",\"@id\":\"https:\\\/\\\/www.dcatala.com\\\/it\\\/#website\",\"url\":\"https:\\\/\\\/www.dcatala.com\\\/it\\\/\",\"name\":\"DOMINGO CATAL\u00c0\",\"description\":\"Produciendo calidad\",\"publisher\":{\"@id\":\"https:\\\/\\\/www.dcatala.com\\\/it\\\/#organization\"},\"potentialAction\":[{\"@type\":\"SearchAction\",\"target\":{\"@type\":\"EntryPoint\",\"urlTemplate\":\"https:\\\/\\\/www.dcatala.com\\\/it\\\/?s={search_term_string}\"},\"query-input\":{\"@type\":\"PropertyValueSpecification\",\"valueRequired\":true,\"valueName\":\"search_term_string\"}}],\"inLanguage\":\"it-IT\"},{\"@type\":\"Organization\",\"@id\":\"https:\\\/\\\/www.dcatala.com\\\/it\\\/#organization\",\"name\":\"D.Catala\",\"url\":\"https:\\\/\\\/www.dcatala.com\\\/it\\\/\",\"logo\":{\"@type\":\"ImageObject\",\"inLanguage\":\"it-IT\",\"@id\":\"https:\\\/\\\/www.dcatala.com\\\/it\\\/#\\\/schema\\\/logo\\\/image\\\/\",\"url\":\"https:\\\/\\\/www.dcatala.com\\\/wp-content\\\/uploads\\\/2020\\\/05\\\/cropped-logo-d.catala-2-1-scaled-1.jpg\",\"contentUrl\":\"https:\\\/\\\/www.dcatala.com\\\/wp-content\\\/uploads\\\/2020\\\/05\\\/cropped-logo-d.catala-2-1-scaled-1.jpg\",\"width\":2560,\"height\":711,\"caption\":\"D.Catala\"},\"image\":{\"@id\":\"https:\\\/\\\/www.dcatala.com\\\/it\\\/#\\\/schema\\\/logo\\\/image\\\/\"}},{\"@type\":\"Person\",\"@id\":\"https:\\\/\\\/www.dcatala.com\\\/it\\\/#\\\/schema\\\/person\\\/dde7bbb2d234021641005d1e2b24bc23\",\"name\":\"SuperAdmin\"}]}<\/script>\n<!-- \/ Yoast SEO plugin. -->","yoast_head_json":{"title":"Nos vemos en Fruitlog\u00edstica - DOMINGO CATAL\u00c0","description":"Estaremos encantados de recibiros en Fruitlog\u00edsticaNos ubicamos en el pabell\u00f3n 10.2 Stand B07 c Podremos contaros nuestros nuevos proyectos, revisar el","robots":{"index":"index","follow":"follow","max-snippet":"max-snippet:-1","max-image-preview":"max-image-preview:large","max-video-preview":"max-video-preview:-1"},"canonical":"https:\/\/www.dcatala.com\/it\/nos-vemos-en-fruitlogistica\/","twitter_misc":{"Scritto da":"SuperAdmin"},"schema":{"@context":"https:\/\/schema.org","@graph":[{"@type":"Article","@id":"https:\/\/www.dcatala.com\/it\/nos-vemos-en-fruitlogistica\/#article","isPartOf":{"@id":"https:\/\/www.dcatala.com\/it\/nos-vemos-en-fruitlogistica\/"},"author":{"name":"SuperAdmin","@id":"https:\/\/www.dcatala.com\/it\/#\/schema\/person\/dde7bbb2d234021641005d1e2b24bc23"},"headline":"Nos vemos en Fruitlog\u00edstica","datePublished":"2020-04-07T10:15:22+00:00","dateModified":"2020-04-14T16:04:14+00:00","mainEntityOfPage":{"@id":"https:\/\/www.dcatala.com\/it\/nos-vemos-en-fruitlogistica\/"},"wordCount":88,"publisher":{"@id":"https:\/\/www.dcatala.com\/it\/#organization"},"image":{"@id":"https:\/\/www.dcatala.com\/it\/nos-vemos-en-fruitlogistica\/#primaryimage"},"thumbnailUrl":"https:\/\/www.dcatala.com\/wp-content\/uploads\/2020\/04\/2.jpg","articleSection":["Notizia"],"inLanguage":"it-IT"},{"@type":"WebPage","@id":"https:\/\/www.dcatala.com\/it\/nos-vemos-en-fruitlogistica\/","url":"https:\/\/www.dcatala.com\/it\/nos-vemos-en-fruitlogistica\/","name":"Nos vemos en Fruitlog\u00edstica - DOMINGO CATAL\u00c0","isPartOf":{"@id":"https:\/\/www.dcatala.com\/it\/#website"},"primaryImageOfPage":{"@id":"https:\/\/www.dcatala.com\/it\/nos-vemos-en-fruitlogistica\/#primaryimage"},"image":{"@id":"https:\/\/www.dcatala.com\/it\/nos-vemos-en-fruitlogistica\/#primaryimage"},"thumbnailUrl":"https:\/\/www.dcatala.com\/wp-content\/uploads\/2020\/04\/2.jpg","datePublished":"2020-04-07T10:15:22+00:00","dateModified":"2020-04-14T16:04:14+00:00","description":"Estaremos encantados de recibiros en Fruitlog\u00edsticaNos ubicamos en el pabell\u00f3n 10.2 Stand B07 c Podremos contaros nuestros nuevos proyectos, revisar el","breadcrumb":{"@id":"https:\/\/www.dcatala.com\/it\/nos-vemos-en-fruitlogistica\/#breadcrumb"},"inLanguage":"it-IT","potentialAction":[{"@type":"ReadAction","target":["https:\/\/www.dcatala.com\/it\/nos-vemos-en-fruitlogistica\/"]}]},{"@type":"ImageObject","inLanguage":"it-IT","@id":"https:\/\/www.dcatala.com\/it\/nos-vemos-en-fruitlogistica\/#primaryimage","url":"https:\/\/www.dcatala.com\/wp-content\/uploads\/2020\/04\/2.jpg","contentUrl":"https:\/\/www.dcatala.com\/wp-content\/uploads\/2020\/04\/2.jpg","width":1000,"height":465},{"@type":"BreadcrumbList","@id":"https:\/\/www.dcatala.com\/it\/nos-vemos-en-fruitlogistica\/#breadcrumb","itemListElement":[{"@type":"ListItem","position":1,"name":"Portada","item":"https:\/\/www.dcatala.com\/it\/"},{"@type":"ListItem","position":2,"name":"Nos vemos en Fruitlog\u00edstica"}]},{"@type":"WebSite","@id":"https:\/\/www.dcatala.com\/it\/#website","url":"https:\/\/www.dcatala.com\/it\/","name":"DOMINGO CATAL\u00c0","description":"Produciendo calidad","publisher":{"@id":"https:\/\/www.dcatala.com\/it\/#organization"},"potentialAction":[{"@type":"SearchAction","target":{"@type":"EntryPoint","urlTemplate":"https:\/\/www.dcatala.com\/it\/?s={search_term_string}"},"query-input":{"@type":"PropertyValueSpecification","valueRequired":true,"valueName":"search_term_string"}}],"inLanguage":"it-IT"},{"@type":"Organization","@id":"https:\/\/www.dcatala.com\/it\/#organization","name":"D.Catala","url":"https:\/\/www.dcatala.com\/it\/","logo":{"@type":"ImageObject","inLanguage":"it-IT","@id":"https:\/\/www.dcatala.com\/it\/#\/schema\/logo\/image\/","url":"https:\/\/www.dcatala.com\/wp-content\/uploads\/2020\/05\/cropped-logo-d.catala-2-1-scaled-1.jpg","contentUrl":"https:\/\/www.dcatala.com\/wp-content\/uploads\/2020\/05\/cropped-logo-d.catala-2-1-scaled-1.jpg","width":2560,"height":711,"caption":"D.Catala"},"image":{"@id":"https:\/\/www.dcatala.com\/it\/#\/schema\/logo\/image\/"}},{"@type":"Person","@id":"https:\/\/www.dcatala.com\/it\/#\/schema\/person\/dde7bbb2d234021641005d1e2b24bc23","name":"SuperAdmin"}]}},"_links":{"self":[{"href":"https:\/\/www.dcatala.com\/it\/wp-json\/wp\/v2\/posts\/4782","targetHints":{"allow":["GET"]}}],"collection":[{"href":"https:\/\/www.dcatala.com\/it\/wp-json\/wp\/v2\/posts"}],"about":[{"href":"https:\/\/www.dcatala.com\/it\/wp-json\/wp\/v2\/types\/post"}],"author":[{"embeddable":true,"href":"https:\/\/www.dcatala.com\/it\/wp-json\/wp\/v2\/users\/1"}],"replies":[{"embeddable":true,"href":"https:\/\/www.dcatala.com\/it\/wp-json\/wp\/v2\/comments?post=4782"}],"version-history":[{"count":1,"href":"https:\/\/www.dcatala.com\/it\/wp-json\/wp\/v2\/posts\/4782\/revisions"}],"predecessor-version":[{"id":4788,"href":"https:\/\/www.dcatala.com\/it\/wp-json\/wp\/v2\/posts\/4782\/revisions\/4788"}],"wp:featuredmedia":[{"embeddable":true,"href":"https:\/\/www.dcatala.com\/it\/wp-json\/wp\/v2\/media\/4783"}],"wp:attachment":[{"href":"https:\/\/www.dcatala.com\/it\/wp-json\/wp\/v2\/media?parent=4782"}],"wp:term":[{"taxonomy":"category","embeddable":true,"href":"https:\/\/www.dcatala.com\/it\/wp-json\/wp\/v2\/categories?post=4782"},{"taxonomy":"post_tag","embeddable":true,"href":"https:\/\/www.dcatala.com\/it\/wp-json\/wp\/v2\/tags?post=4782"}],"curies":[{"name":"wp","href":"https:\/\/api.w.org\/{rel}","templated":true}]}}